{"id":619,"date":"2021-09-09T08:54:26","date_gmt":"2021-09-09T07:54:26","guid":{"rendered":"http:\/\/pp67.pl\/?p=619"},"modified":"2021-09-09T08:57:06","modified_gmt":"2021-09-09T07:57:06","slug":"festyn-rodzinny","status":"publish","type":"post","link":"http:\/\/pp67.pl\/?p=619","title":{"rendered":"FESTYN RODZINNY !!!"},"content":{"rendered":"<h3>\u00a0 \u00a0 \u00a0 \u00a0 \u00a0 \u00a0 \u00a0 \u00a0 \u00a0 \u00a0 \u00a0 \u00a0 \u00a0 \u00a0 \u00a0 \u00a0 \u00a0 \u00a0 \u00a0 \u00a0 \u00a0\u00a0<img decoding=\"async\" loading=\"lazy\" class=\"\" src=\"https:\/\/www.opr-chojnice.pl\/cmsdata\/news\/52.jpg\" width=\"374\" height=\"280\" \/><\/h3>\n<h3 style=\"text-align: center;\">ZAPRASZAMY NA FESTYN Z OKAZJI JUBILEUSZU 45- LECIA PRZEDSZKOLA &#8221; STOKROTKA&#8221; , KT\u00d3RY ODB\u0118DZIE SI\u0118 17.09.2021 (PI\u0104TEK) O GODZ. 15.00.<\/h3>\n<p>Program uroczysto\u015bci:<\/p>\n<p>godz. 13.00 &#8211; cz\u0119\u015b\u0107 oficjalna<\/p>\n<p>godz.13.30 &#8211; wyst\u0119py przedszkolak\u00f3w<\/p>\n<p>godz. 15 .00 &#8211; zabawa muzyczna z &#8222;Akademi\u0105 krasnoludk\u00f3w&#8221;<\/p>\n<p>&nbsp;<\/p>\n<p>Ma\u0142e co nieco z grilla i nie tylko:<\/p>\n<ul>\n<li>kie\u0142basa, kaszanka<\/li>\n<li>groch\u00f3wka<\/li>\n<li>s\u0142odkie wypieki\u00a0 \u00a0 \u00a0 \u00a0 \u00a0 \u00a0 \u00a0 \u00a0 \u00a0 \u00a0 \u00a0 \u00a0 \u00a0 \u00a0 \u00a0 \u00a0 \u00a0 \u00a0 \u00a0 \u00a0 \u00a0 \u00a0 \u00a0 \u00a0 \u00a0 \u00a0 \u00a0 \u00a0 \u00a0 \u00a0 \u00a0 \u00a0 \u00a0 \u00a0 \u00a0 \u00a0 \u00a0 \u00a0 \u00a0 \u00a0 \u00a0 \u00a0 \u00a0 \u00a0 \u00a0\u017bYCZYMY WESO\u0141EJ ZABAWY \ud83d\ude42<\/li>\n<\/ul>\n<p>&nbsp;<\/p>\n<p>&nbsp;<\/p>\n<p>&nbsp;<\/p>\n<p>&nbsp;<\/p>\n<p>&nbsp;<\/p>\n<p>&nbsp;<\/p>\n<p>&nbsp;<\/p>\n","protected":false},"excerpt":{"rendered":"<p>\u00a0 \u00a0 \u00a0 \u00a0 \u00a0 \u00a0 \u00a0 \u00a0 \u00a0 \u00a0 \u00a0 \u00a0 \u00a0 \u00a0 \u00a0 \u00a0 \u00a0 \u00a0 \u00a0 \u00a0 \u00a0\u00a0 ZAPRASZAMY NA FESTYN Z OKAZJI JUBILEUSZU 45- LECIA PRZEDSZKOLA &#8221; STOKROTKA&#8221; , KT\u00d3RY ODB\u0118DZIE SI\u0118 17.09.2021 (PI\u0104TEK) O GODZ. &hellip; <\/p>\n","protected":false},"author":1,"featured_media":0,"comment_status":"closed","ping_status":"open","sticky":false,"template":"","format":"standard","meta":[],"categories":[1],"tags":[],"_links":{"self":[{"href":"http:\/\/pp67.pl\/index.php?rest_route=\/wp\/v2\/posts\/619"}],"collection":[{"href":"http:\/\/pp67.pl\/index.php?rest_route=\/wp\/v2\/posts"}],"about":[{"href":"http:\/\/pp67.pl\/index.php?rest_route=\/wp\/v2\/types\/post"}],"author":[{"embeddable":true,"href":"http:\/\/pp67.pl\/index.php?rest_route=\/wp\/v2\/users\/1"}],"replies":[{"embeddable":true,"href":"http:\/\/pp67.pl\/index.php?rest_route=%2Fwp%2Fv2%2Fcomments&post=619"}],"version-history":[{"count":3,"href":"http:\/\/pp67.pl\/index.php?rest_route=\/wp\/v2\/posts\/619\/revisions"}],"predecessor-version":[{"id":622,"href":"http:\/\/pp67.pl\/index.php?rest_route=\/wp\/v2\/posts\/619\/revisions\/622"}],"wp:attachment":[{"href":"http:\/\/pp67.pl\/index.php?rest_route=%2Fwp%2Fv2%2Fmedia&parent=619"}],"wp:term":[{"taxonomy":"category","embeddable":true,"href":"http:\/\/pp67.pl\/index.php?rest_route=%2Fwp%2Fv2%2Fcategories&post=619"},{"taxonomy":"post_tag","embeddable":true,"href":"http:\/\/pp67.pl\/index.php?rest_route=%2Fwp%2Fv2%2Ftags&post=619"}],"curies":[{"name":"wp","href":"https:\/\/api.w.org\/{rel}","templated":true}]}}